{"id":1893,"date":"2025-01-28T22:18:43","date_gmt":"2025-01-28T21:18:43","guid":{"rendered":"https:\/\/talaiaeskola.eus\/fiesta-de-graduacion-de-jardin-de-infantes-2024\/"},"modified":"2025-02-04T16:19:06","modified_gmt":"2025-02-04T15:19:06","slug":"fiesta-de-graduacion-de-jardin-de-infantes-2024","status":"publish","type":"post","link":"https:\/\/talaiaeskola.eus\/es\/fiesta-de-graduacion-de-jardin-de-infantes-2024\/","title":{"rendered":"Fiesta de graduaci\u00f3n de Haur Hezkuntza 2024"},"content":{"rendered":"\n<p>Como cada a\u00f1o, el d\u00eda que finalizamos la jornada de ma\u00f1ana y tarde (este a\u00f1o el 7 de junio), organizamos una fiesta de clausura de Educaci\u00f3n Infantil. Puedes ver el v\u00eddeo a continuaci\u00f3n. <\/p>\n\n<figure class=\"wp-block-video\"><video controls=\"\" src=\"https:\/\/drive.google.com\/file\/d\/1jCLDuTaVakXVtcXISHWGFPKs9EJRiMKW\/view?usp=sharing\"><\/video><\/figure>\n","protected":false},"excerpt":{"rendered":"<p>Como cada a\u00f1o, el d\u00eda que finalizamos la jornada de ma\u00f1ana y tarde (este a\u00f1o el 7 de junio), organizamos [&hellip;]<\/p>\n","protected":false},"author":241677285,"featured_media":1838,"comment_status":"open","ping_status":"open","sticky":false,"template":"","format":"standard","meta":{"_surecart_dashboard_logo_width":"180px","_surecart_dashboard_show_logo":true,"_surecart_dashboard_navigation_orders":true,"_surecart_dashboard_navigation_invoices":true,"_surecart_dashboard_navigation_subscriptions":true,"_surecart_dashboard_navigation_downloads":true,"_surecart_dashboard_navigation_billing":true,"_surecart_dashboard_navigation_account":true,"_uag_custom_page_level_css":"","site-sidebar-layout":"default","site-content-layout":"","ast-site-content-layout":"default","site-content-style":"default","site-sidebar-style":"default","ast-global-header-display":"","ast-banner-title-visibility":"","ast-main-header-display":"","ast-hfb-above-header-display":"","ast-hfb-below-header-display":"","ast-hfb-mobile-header-display":"","site-post-title":"","ast-breadcrumbs-content":"","ast-featured-img":"","footer-sml-layout":"","theme-transparent-header-meta":"","adv-header-id-meta":"","stick-header-meta":"","header-above-stick-meta":"","header-main-stick-meta":"","header-below-stick-meta":"","astra-migrate-meta-layouts":"default","ast-page-background-enabled":"default","ast-page-background-meta":{"desktop":{"background-color":"var(--ast-global-color-4)","background-image":"","background-repeat":"repeat","background-position":"center center","background-size":"auto","background-attachment":"scroll","background-type":"","background-media":"","overlay-type":"","overlay-color":"","overlay-opacity":"","overlay-gradient":""},"tablet":{"background-color":"","background-image":"","background-repeat":"repeat","background-position":"center center","background-size":"auto","background-attachment":"scroll","background-type":"","background-media":"","overlay-type":"","overlay-color":"","overlay-opacity":"","overlay-gradient":""},"mobile":{"background-color":"","background-image":"","background-repeat":"repeat","background-position":"center center","background-size":"auto","background-attachment":"scroll","background-type":"","background-media":"","overlay-type":"","overlay-color":"","overlay-opacity":"","overlay-gradient":""}},"ast-content-background-meta":{"desktop":{"background-color":"var(--ast-global-color-5)","background-image":"","background-repeat":"repeat","background-position":"center center","background-size":"auto","background-attachment":"scroll","background-type":"","background-media":"","overlay-type":"","overlay-color":"","overlay-opacity":"","overlay-gradient":""},"tablet":{"background-color":"var(--ast-global-color-5)","background-image":"","background-repeat":"repeat","background-position":"center center","background-size":"auto","background-attachment":"scroll","background-type":"","background-media":"","overlay-type":"","overlay-color":"","overlay-opacity":"","overlay-gradient":""},"mobile":{"background-color":"var(--ast-global-color-5)","background-image":"","background-repeat":"repeat","background-position":"center center","background-size":"auto","background-attachment":"scroll","background-type":"","background-media":"","overlay-type":"","overlay-color":"","overlay-opacity":"","overlay-gradient":""}},"advanced_seo_description":"","jetpack_seo_html_title":"","jetpack_seo_noindex":false,"_jetpack_newsletter_access":"","_jetpack_dont_email_post_to_subs":false,"_jetpack_newsletter_tier_id":0,"_jetpack_memberships_contains_paywalled_content":false,"_jetpack_memberships_contains_paid_content":false,"footnotes":"","jetpack_publicize_message":"","jetpack_publicize_feature_enabled":true,"jetpack_social_post_already_shared":true,"jetpack_social_options":{"image_generator_settings":{"template":"highway","default_image_id":0,"font":"","enabled":false},"version":2},"_wpas_customize_per_network":false,"jetpack_post_was_ever_published":true},"categories":[],"tags":[],"class_list":["post-1893","post","type-post","status-publish","format-standard","has-post-thumbnail","hentry"],"jetpack_publicize_connections":[],"jetpack_featured_media_url":"https:\/\/i0.wp.com\/talaiaeskola.eus\/wp-content\/uploads\/2025\/01\/2025-01-28-22-14-07.png?fit=838%2C478&ssl=1","uagb_featured_image_src":{"full":["https:\/\/i0.wp.com\/talaiaeskola.eus\/wp-content\/uploads\/2025\/01\/2025-01-28-22-14-07.png?fit=838%2C478&ssl=1",838,478,false],"thumbnail":["https:\/\/i0.wp.com\/talaiaeskola.eus\/wp-content\/uploads\/2025\/01\/2025-01-28-22-14-07.png?resize=150%2C150&ssl=1",150,150,true],"medium":["https:\/\/i0.wp.com\/talaiaeskola.eus\/wp-content\/uploads\/2025\/01\/2025-01-28-22-14-07.png?fit=300%2C171&ssl=1",300,171,true],"medium_large":["https:\/\/i0.wp.com\/talaiaeskola.eus\/wp-content\/uploads\/2025\/01\/2025-01-28-22-14-07.png?fit=768%2C438&ssl=1",768,438,true],"large":["https:\/\/i0.wp.com\/talaiaeskola.eus\/wp-content\/uploads\/2025\/01\/2025-01-28-22-14-07.png?fit=838%2C478&ssl=1",838,478,true],"1536x1536":["https:\/\/i0.wp.com\/talaiaeskola.eus\/wp-content\/uploads\/2025\/01\/2025-01-28-22-14-07.png?fit=838%2C478&ssl=1",838,478,true],"2048x2048":["https:\/\/i0.wp.com\/talaiaeskola.eus\/wp-content\/uploads\/2025\/01\/2025-01-28-22-14-07.png?fit=838%2C478&ssl=1",838,478,true],"newspack-article-block-landscape-large":["https:\/\/i0.wp.com\/talaiaeskola.eus\/wp-content\/uploads\/2025\/01\/2025-01-28-22-14-07.png?resize=838%2C478&ssl=1",838,478,true],"newspack-article-block-portrait-large":["https:\/\/i0.wp.com\/talaiaeskola.eus\/wp-content\/uploads\/2025\/01\/2025-01-28-22-14-07.png?resize=838%2C478&ssl=1",838,478,true],"newspack-article-block-square-large":["https:\/\/i0.wp.com\/talaiaeskola.eus\/wp-content\/uploads\/2025\/01\/2025-01-28-22-14-07.png?resize=838%2C478&ssl=1",838,478,true],"newspack-article-block-landscape-medium":["https:\/\/i0.wp.com\/talaiaeskola.eus\/wp-content\/uploads\/2025\/01\/2025-01-28-22-14-07.png?resize=800%2C478&ssl=1",800,478,true],"newspack-article-block-portrait-medium":["https:\/\/i0.wp.com\/talaiaeskola.eus\/wp-content\/uploads\/2025\/01\/2025-01-28-22-14-07.png?resize=600%2C478&ssl=1",600,478,true],"newspack-article-block-square-medium":["https:\/\/i0.wp.com\/talaiaeskola.eus\/wp-content\/uploads\/2025\/01\/2025-01-28-22-14-07.png?resize=800%2C478&ssl=1",800,478,true],"newspack-article-block-landscape-intermediate":["https:\/\/i0.wp.com\/talaiaeskola.eus\/wp-content\/uploads\/2025\/01\/2025-01-28-22-14-07.png?resize=600%2C450&ssl=1",600,450,true],"newspack-article-block-portrait-intermediate":["https:\/\/i0.wp.com\/talaiaeskola.eus\/wp-content\/uploads\/2025\/01\/2025-01-28-22-14-07.png?resize=450%2C478&ssl=1",450,478,true],"newspack-article-block-square-intermediate":["https:\/\/i0.wp.com\/talaiaeskola.eus\/wp-content\/uploads\/2025\/01\/2025-01-28-22-14-07.png?resize=600%2C478&ssl=1",600,478,true],"newspack-article-block-landscape-small":["https:\/\/i0.wp.com\/talaiaeskola.eus\/wp-content\/uploads\/2025\/01\/2025-01-28-22-14-07.png?resize=400%2C300&ssl=1",400,300,true],"newspack-article-block-portrait-small":["https:\/\/i0.wp.com\/talaiaeskola.eus\/wp-content\/uploads\/2025\/01\/2025-01-28-22-14-07.png?resize=300%2C400&ssl=1",300,400,true],"newspack-article-block-square-small":["https:\/\/i0.wp.com\/talaiaeskola.eus\/wp-content\/uploads\/2025\/01\/2025-01-28-22-14-07.png?resize=400%2C400&ssl=1",400,400,true],"newspack-article-block-landscape-tiny":["https:\/\/i0.wp.com\/talaiaeskola.eus\/wp-content\/uploads\/2025\/01\/2025-01-28-22-14-07.png?resize=200%2C150&ssl=1",200,150,true],"newspack-article-block-portrait-tiny":["https:\/\/i0.wp.com\/talaiaeskola.eus\/wp-content\/uploads\/2025\/01\/2025-01-28-22-14-07.png?resize=150%2C200&ssl=1",150,200,true],"newspack-article-block-square-tiny":["https:\/\/i0.wp.com\/talaiaeskola.eus\/wp-content\/uploads\/2025\/01\/2025-01-28-22-14-07.png?resize=200%2C200&ssl=1",200,200,true],"newspack-article-block-uncropped":["https:\/\/i0.wp.com\/talaiaeskola.eus\/wp-content\/uploads\/2025\/01\/2025-01-28-22-14-07.png?fit=838%2C478&ssl=1",838,478,true]},"uagb_author_info":{"display_name":"Joxa Darceles Irakasle","author_link":"https:\/\/talaiaeskola.eus\/es\/author\/ir013074ak\/"},"uagb_comment_info":0,"uagb_excerpt":"Como cada a\u00f1o, el d\u00eda que finalizamos la jornada de ma\u00f1ana y tarde (este a\u00f1o el 7 de junio), organizamos [&hellip;]","jetpack_likes_enabled":true,"jetpack_sharing_enabled":true,"jetpack_shortlink":"https:\/\/wp.me\/pfA7rq-ux","jetpack-related-posts":[{"id":2709,"url":"https:\/\/talaiaeskola.eus\/es\/festival-de-fin-de-ano-de-educacion-infantil-2025\/","url_meta":{"origin":1893,"position":0},"title":"Festival de fin de a\u00f1o de Educaci\u00f3n Infantil 2025","author":"Joxa Darceles Irakasle","date":"15 de junio de 2025","format":false,"excerpt":"https:\/\/peertube.eus\/w\/oHe39aXC6xFPc4GKvwoFfa","rel":"","context":"Entrada similar","block_context":{"text":"Entrada similar","link":""},"img":{"alt_text":"","src":"https:\/\/i0.wp.com\/talaiaeskola.eus\/wp-content\/uploads\/2025\/10\/Pantaila-argazkia_2025-10-24-12-32-09.png?fit=1136%2C606&ssl=1&resize=350%2C200","width":350,"height":200,"srcset":"https:\/\/i0.wp.com\/talaiaeskola.eus\/wp-content\/uploads\/2025\/10\/Pantaila-argazkia_2025-10-24-12-32-09.png?fit=1136%2C606&ssl=1&resize=350%2C200 1x, https:\/\/i0.wp.com\/talaiaeskola.eus\/wp-content\/uploads\/2025\/10\/Pantaila-argazkia_2025-10-24-12-32-09.png?fit=1136%2C606&ssl=1&resize=525%2C300 1.5x, https:\/\/i0.wp.com\/talaiaeskola.eus\/wp-content\/uploads\/2025\/10\/Pantaila-argazkia_2025-10-24-12-32-09.png?fit=1136%2C606&ssl=1&resize=700%2C400 2x, https:\/\/i0.wp.com\/talaiaeskola.eus\/wp-content\/uploads\/2025\/10\/Pantaila-argazkia_2025-10-24-12-32-09.png?fit=1136%2C606&ssl=1&resize=1050%2C600 3x"},"classes":[]},{"id":2977,"url":"https:\/\/talaiaeskola.eus\/es\/gabonetako-kantaldiak\/","url_meta":{"origin":1893,"position":1},"title":"Gabonetako kantaldiak","author":"Joxa Darceles Irakasle","date":"23 de diciembre de 2025","format":false,"excerpt":"Aqu\u00ed ten\u00e9is el concierto que tuvimos en el edificio Bordari antes de Navidad. Los de los otros edificios pod\u00e9is encontrarlos en la secci\u00f3n de Fotos y V\u00eddeos. https:\/\/youtu.be\/7R31dxd9-ZE?si=FCW2vWEsZZv_z0Xg","rel":"","context":"Entrada similar","block_context":{"text":"Entrada similar","link":""},"img":{"alt_text":"","src":"https:\/\/i0.wp.com\/talaiaeskola.eus\/wp-content\/uploads\/2026\/01\/Pantaila-argazkia_2026-01-08-16-04-59.png?fit=1200%2C675&ssl=1&resize=350%2C200","width":350,"height":200,"srcset":"https:\/\/i0.wp.com\/talaiaeskola.eus\/wp-content\/uploads\/2026\/01\/Pantaila-argazkia_2026-01-08-16-04-59.png?fit=1200%2C675&ssl=1&resize=350%2C200 1x, https:\/\/i0.wp.com\/talaiaeskola.eus\/wp-content\/uploads\/2026\/01\/Pantaila-argazkia_2026-01-08-16-04-59.png?fit=1200%2C675&ssl=1&resize=525%2C300 1.5x, https:\/\/i0.wp.com\/talaiaeskola.eus\/wp-content\/uploads\/2026\/01\/Pantaila-argazkia_2026-01-08-16-04-59.png?fit=1200%2C675&ssl=1&resize=700%2C400 2x, https:\/\/i0.wp.com\/talaiaeskola.eus\/wp-content\/uploads\/2026\/01\/Pantaila-argazkia_2026-01-08-16-04-59.png?fit=1200%2C675&ssl=1&resize=1050%2C600 3x"},"classes":[]},{"id":2378,"url":"https:\/\/talaiaeskola.eus\/es\/nuevo-programa-de-television-de-talaia-6-a\/","url_meta":{"origin":1893,"position":2},"title":"Nuevo programa de televisi\u00f3n de Talaia 6.A","author":"Joxa Darceles Irakasle","date":"23 de junio de 2025","format":false,"excerpt":"El equipo 6.A nos trae un programa de televisi\u00f3n espectacular esta vez. \u00a1Disfr\u00fatenlo! https:\/\/peertube.eus\/w\/eyTnhdbFQXEreHR1xbWtMC","rel":"","context":"Entrada similar","block_context":{"text":"Entrada similar","link":""},"img":{"alt_text":"Ezkontza","src":"https:\/\/i0.wp.com\/talaiaeskola.eus\/wp-content\/uploads\/2025\/06\/Pantaila-argazkia_2025-06-23-12-30-36.png?fit=1200%2C675&ssl=1&resize=350%2C200","width":350,"height":200,"srcset":"https:\/\/i0.wp.com\/talaiaeskola.eus\/wp-content\/uploads\/2025\/06\/Pantaila-argazkia_2025-06-23-12-30-36.png?fit=1200%2C675&ssl=1&resize=350%2C200 1x, https:\/\/i0.wp.com\/talaiaeskola.eus\/wp-content\/uploads\/2025\/06\/Pantaila-argazkia_2025-06-23-12-30-36.png?fit=1200%2C675&ssl=1&resize=525%2C300 1.5x, https:\/\/i0.wp.com\/talaiaeskola.eus\/wp-content\/uploads\/2025\/06\/Pantaila-argazkia_2025-06-23-12-30-36.png?fit=1200%2C675&ssl=1&resize=700%2C400 2x, https:\/\/i0.wp.com\/talaiaeskola.eus\/wp-content\/uploads\/2025\/06\/Pantaila-argazkia_2025-06-23-12-30-36.png?fit=1200%2C675&ssl=1&resize=1050%2C600 3x"},"classes":[]},{"id":2293,"url":"https:\/\/talaiaeskola.eus\/es\/nuevo-programa-de-television-de-talaia-6-b\/","url_meta":{"origin":1893,"position":3},"title":"Nuevo programa de televisi\u00f3n de Talaia 6.B","author":"Joxa Darceles Irakasle","date":"31 de marzo de 2025","format":false,"excerpt":"Esta vez el grupo 6.B ha preparado para nosotros un nuevo programa de televisi\u00f3n, titulado \u201cPanpina\u201d. \u00a1\u00a1Disfr\u00fatala!! https:\/\/youtu.be\/XcRIMx1e58Q","rel":"","context":"Entrada similar","block_context":{"text":"Entrada similar","link":""},"img":{"alt_text":"\"PANPINA\"","src":"https:\/\/i0.wp.com\/talaiaeskola.eus\/wp-content\/uploads\/2025\/03\/2025-03-31-17-49-22.png?fit=1200%2C682&ssl=1&resize=350%2C200","width":350,"height":200,"srcset":"https:\/\/i0.wp.com\/talaiaeskola.eus\/wp-content\/uploads\/2025\/03\/2025-03-31-17-49-22.png?fit=1200%2C682&ssl=1&resize=350%2C200 1x, https:\/\/i0.wp.com\/talaiaeskola.eus\/wp-content\/uploads\/2025\/03\/2025-03-31-17-49-22.png?fit=1200%2C682&ssl=1&resize=525%2C300 1.5x, https:\/\/i0.wp.com\/talaiaeskola.eus\/wp-content\/uploads\/2025\/03\/2025-03-31-17-49-22.png?fit=1200%2C682&ssl=1&resize=700%2C400 2x, https:\/\/i0.wp.com\/talaiaeskola.eus\/wp-content\/uploads\/2025\/03\/2025-03-31-17-49-22.png?fit=1200%2C682&ssl=1&resize=1050%2C600 3x"},"classes":[]},{"id":3035,"url":"https:\/\/talaiaeskola.eus\/es\/6-b-koen-telebista-saio-berria-enkantea\/","url_meta":{"origin":1893,"position":4},"title":"Nuevo programa de televisi\u00f3n de 6.\u00ba B. \u00abEnkantea\u00bb.","author":"Joxa Darceles Irakasle","date":"3 de marzo de 2026","format":false,"excerpt":"Los alumnos de 6.\u00ba B nos ofrecen un nuevo programa de televisi\u00f3n. En esta ocasi\u00f3n bajo el t\u00edtulo \"Enkantea\". \u00a1\u00a1\u00a1Disfruten!!! https:\/\/youtu.be\/z0G3UqTkJA8?si=NZ0rOmaHdA1uPR1g","rel":"","context":"Entrada similar","block_context":{"text":"Entrada similar","link":""},"img":{"alt_text":"","src":"https:\/\/i0.wp.com\/talaiaeskola.eus\/wp-content\/uploads\/2026\/03\/Pantaila-argazkia_2026-03-03-12-05-16.png?fit=1200%2C658&ssl=1&resize=350%2C200","width":350,"height":200,"srcset":"https:\/\/i0.wp.com\/talaiaeskola.eus\/wp-content\/uploads\/2026\/03\/Pantaila-argazkia_2026-03-03-12-05-16.png?fit=1200%2C658&ssl=1&resize=350%2C200 1x, https:\/\/i0.wp.com\/talaiaeskola.eus\/wp-content\/uploads\/2026\/03\/Pantaila-argazkia_2026-03-03-12-05-16.png?fit=1200%2C658&ssl=1&resize=525%2C300 1.5x, https:\/\/i0.wp.com\/talaiaeskola.eus\/wp-content\/uploads\/2026\/03\/Pantaila-argazkia_2026-03-03-12-05-16.png?fit=1200%2C658&ssl=1&resize=700%2C400 2x, https:\/\/i0.wp.com\/talaiaeskola.eus\/wp-content\/uploads\/2026\/03\/Pantaila-argazkia_2026-03-03-12-05-16.png?fit=1200%2C658&ssl=1&resize=1050%2C600 3x"},"classes":[]},{"id":1901,"url":"https:\/\/talaiaeskola.eus\/es\/nuevo-programa-de-television-en-talaia-sala-6-d\/","url_meta":{"origin":1893,"position":5},"title":"Nuevo programa en Talaia Telebista. Aula 6.D.","author":"Joxa Darceles Irakasle","date":"28 de enero de 2025","format":false,"excerpt":"Nuevo programa de televisi\u00f3n en Talaia Telebista . Esta vez es el turno del grupo 6.D. \u00a1Disfrutad! https:\/\/youtu.be\/hYsHPjHnvrQ?si=hSi-MoaJ7casoSv0","rel":"","context":"Entrada similar","block_context":{"text":"Entrada similar","link":""},"img":{"alt_text":"","src":"https:\/\/i0.wp.com\/talaiaeskola.eus\/wp-content\/uploads\/2025\/01\/mUNSTROAREN-ORDUA.png?fit=778%2C475&ssl=1&resize=350%2C200","width":350,"height":200,"srcset":"https:\/\/i0.wp.com\/talaiaeskola.eus\/wp-content\/uploads\/2025\/01\/mUNSTROAREN-ORDUA.png?fit=778%2C475&ssl=1&resize=350%2C200 1x, https:\/\/i0.wp.com\/talaiaeskola.eus\/wp-content\/uploads\/2025\/01\/mUNSTROAREN-ORDUA.png?fit=778%2C475&ssl=1&resize=525%2C300 1.5x, https:\/\/i0.wp.com\/talaiaeskola.eus\/wp-content\/uploads\/2025\/01\/mUNSTROAREN-ORDUA.png?fit=778%2C475&ssl=1&resize=700%2C400 2x"},"classes":[]}],"_links":{"self":[{"href":"https:\/\/talaiaeskola.eus\/es\/wp-json\/wp\/v2\/posts\/1893","targetHints":{"allow":["GET"]}}],"collection":[{"href":"https:\/\/talaiaeskola.eus\/es\/wp-json\/wp\/v2\/posts"}],"about":[{"href":"https:\/\/talaiaeskola.eus\/es\/wp-json\/wp\/v2\/types\/post"}],"author":[{"embeddable":true,"href":"https:\/\/talaiaeskola.eus\/es\/wp-json\/wp\/v2\/users\/241677285"}],"replies":[{"embeddable":true,"href":"https:\/\/talaiaeskola.eus\/es\/wp-json\/wp\/v2\/comments?post=1893"}],"version-history":[{"count":4,"href":"https:\/\/talaiaeskola.eus\/es\/wp-json\/wp\/v2\/posts\/1893\/revisions"}],"predecessor-version":[{"id":1987,"href":"https:\/\/talaiaeskola.eus\/es\/wp-json\/wp\/v2\/posts\/1893\/revisions\/1987"}],"wp:featuredmedia":[{"embeddable":true,"href":"https:\/\/talaiaeskola.eus\/es\/wp-json\/wp\/v2\/media\/1838"}],"wp:attachment":[{"href":"https:\/\/talaiaeskola.eus\/es\/wp-json\/wp\/v2\/media?parent=1893"}],"wp:term":[{"taxonomy":"category","embeddable":true,"href":"https:\/\/talaiaeskola.eus\/es\/wp-json\/wp\/v2\/categories?post=1893"},{"taxonomy":"post_tag","embeddable":true,"href":"https:\/\/talaiaeskola.eus\/es\/wp-json\/wp\/v2\/tags?post=1893"}],"curies":[{"name":"wp","href":"https:\/\/api.w.org\/{rel}","templated":true}]}}